{"id":246871,"date":"2022-11-28T11:05:27","date_gmt":"2022-11-28T10:05:27","guid":{"rendered":"https:\/\/www.capoptimist.com\/2022\/11\/28\/conozca-eau-thermale-avene\/"},"modified":"2023-01-13T10:19:00","modified_gmt":"2023-01-13T09:19:00","slug":"conozca-eau-thermale-avene","status":"publish","type":"post","link":"https:\/\/www.capoptimist.com\/es\/2022\/11\/28\/conozca-eau-thermale-avene\/","title":{"rendered":"Conozca Eau Thermale Av\u00e8ne"},"content":{"rendered":"<p>[et_pb_section fb_built=\u00bb1&#8243; _builder_version=\u00bb4.17.4&#8243; _module_preset=\u00bbdefault\u00bb min_height=\u00bb100px\u00bb custom_padding=\u00bb5px||1px|||\u00bb da_disable_devices=\u00bboff|off|off\u00bb global_colors_info=\u00bb{}\u00bb da_is_popup=\u00bboff\u00bb da_exit_intent=\u00bboff\u00bb da_has_close=\u00bbon\u00bb da_alt_close=\u00bboff\u00bb da_dark_close=\u00bboff\u00bb da_not_modal=\u00bbon\u00bb da_is_singular=\u00bboff\u00bb da_with_loader=\u00bboff\u00bb da_has_shadow=\u00bbon\u00bb][et_pb_row _builder_version=\u00bb4.17.4&#8243; _module_preset=\u00bbdefault\u00bb custom_padding=\u00bb0px||0px|||\u00bb global_colors_info=\u00bb{}\u00bb][et_pb_column type=\u00bb4_4&#8243; _builder_version=\u00bb4.17.4&#8243; _module_preset=\u00bbdefault\u00bb global_colors_info=\u00bb{}\u00bb][et_pb_text _builder_version=\u00bb4.19.0&#8243; _module_preset=\u00bbdefault\u00bb min_height=\u00bb766px\u00bb custom_margin=\u00bb57px|||||\u00bb custom_padding=\u00bb||16px|||\u00bb global_colors_info=\u00bb{}\u00bb]<\/p>\n<ul>\n<li>\n<h3> <span style=\"font-size: large;\">\u00bfPodr\u00eda presentarse (trayectoria profesional, funciones, misiones dentro de Av\u00e8ne)?<\/span><\/h3>\n<\/li>\n<\/ul>\n<p style=\"text-align: justify;\"><span style=\"font-size: large;\">  Soy Morgan GUERITAULT, Director de Marketing y Comunicaci\u00f3n de la marca <a href=\"https:\/\/www.eau-thermale-avene.fr\">Eau Thermale Avene France<\/a>. Me incorpor\u00e9 al Grupo Pierre Fabre en febrero de 2008 para realizar unas pr\u00e1cticas, nunca me fui y tuve la oportunidad de realizar varias misiones en las diferentes marcas del Grupo: medicamentos, Klorane, Ducray, A-Derma, es finalmente en Av\u00e8ne donde me instal\u00e9 en agosto de 2011.<\/span><\/p>\n<ul style=\"text-align: justify;\">\n<li>\n<h3><span style=\"font-size: large;\">\u00bfC\u00f3mo se enter\u00f3 de la expedici\u00f3n?<\/span><\/h3>\n<\/li>\n<\/ul>\n<p style=\"text-align: justify;\"><span style=\"font-size: large;\">  La marca Av\u00e8ne es socia de <strong>la Asociaci\u00f3n de Socorristas de las Landas<\/strong> desde hace varios a\u00f1os. Una asociaci\u00f3n creada por St\u00e9phanie, a quien tuve la suerte de conocer en 2019 tras asumir el cargo de directora de marketing.<\/span><\/p>\n<p style=\"text-align: justify;\"><span style=\"font-size: large;\">St\u00e9phanie me habla de la asociaci\u00f3n <a href=\"https:\/\/www.hopeteameast.fr\">HOPE TEAM EAST<\/a> y del loco reto que quiere asumir para darlo a conocer al mayor n\u00famero de personas posible.<\/span><\/p>\n<ul style=\"text-align: justify;\">\n<li>\n<h3><span style=\"font-size: large;\">\u00bfPor qu\u00e9 apoy\u00f3 la expedici\u00f3n del Cap Optimist?<\/span><\/h3>\n<\/li>\n<\/ul>\n<p style=\"text-align: justify;\"><span style=\"font-size: large;\">La expedici\u00f3n Cap Optimist es el v\u00ednculo perfecto entre los dos fuertes compromisos de la marca Avene: la oncolog\u00eda y el deporte, as\u00ed como sus valores.<\/span><\/p>\n<ul style=\"text-align: justify;\">\n<li>\n<h3><span style=\"font-size: large;\">\u00bfC\u00f3mo apoya la expedici\u00f3n?<\/span><\/h3>\n<\/li>\n<\/ul>\n<p style=\"text-align: justify;\"><span style=\"font-size: large;\">En primer lugar, proporcionamos apoyo financiero a la expedici\u00f3n. Adem\u00e1s, proporcionaremos todos los productos necesarios para que nuestras Waterwomen puedan cuidar su piel, que puede estar sometida a mucho estr\u00e9s.<\/span><\/p>\n<ul style=\"text-align: justify;\">\n<li>\n<h3><span style=\"font-size: large;\">\u00bfPor qu\u00e9 cree que el env\u00edo es un buen medio de comunicaci\u00f3n interna?<\/span><\/h3>\n<\/li>\n<\/ul>\n<p style=\"text-align: justify;\"><span style=\"font-size: large;\">Voy a parafrasear a las chicas y decir que \u00abtodos tenemos un oc\u00e9ano que cruzar\u00bb&#8230;<\/span><\/p>\n<ul style=\"text-align: justify;\">\n<li>\n<h3><span style=\"font-size: large;\">En una palabra, describa el env\u00edo \/ Califique el env\u00edo.<\/span><\/h3>\n<\/li>\n<li><span style=\"font-size: large;\"><\/span><span style=\"font-size: large; font-family: Abel, Helvetica, Arial, Lucida, sans-serif;\">Un DEFI para inspirar a otros<\/span><\/li>\n<\/ul>\n<p style=\"text-align: justify;\"><span style=\"font-size: large;\"><\/span><\/p>\n<p style=\"text-align: justify;\"><span style=\"font-size: large;\"><\/span><\/p>\n<ul>\n<li>\n<h3 style=\"text-align: justify;\"><span style=\"font-size: large;\">Unas palabras de apoyo a los remeros.<\/span><\/h3>\n<p style=\"text-align: justify;\"><span style=\"font-size: large;\"><\/span><span style=\"font-size: large; font-family: Abel, Helvetica, Arial, Lucida, sans-serif;\">Cuando lleguen esos momentos de duda, soledad y cansancio, piensa en la fuente de motivaci\u00f3n que eres y ser\u00e1s&#8230;<\/span><\/p>\n<\/li>\n<\/ul>\n<p><span style=\"color: #191426;\">Fotos: Riblanc \/ Jeremiegabrien<\/span><span style=\"font-size: large; font-family: Abel, Helvetica, Arial, Lucida, sans-serif;\"><\/span><\/p>\n<p>[\/et_pb_text][et_pb_button button_url=\u00bbhttps:\/\/www.eau-thermale-avene.fr\u00bb button_text=\u00bbM\u00e1s informaci\u00f3n sobre AVENE\u00bb button_alignment=\u00bbcenter\u00bb _builder_version=\u00bb4.19.0&#8243; _module_preset=\u00bbdefault\u00bb custom_button=\u00bbon\u00bb button_text_size=\u00bb24px\u00bb button_text_color=\u00bb#ffffff\u00bb button_bg_color=\u00bb#ee417b\u00bb button_border_radius=\u00bb18px\u00bb button_text_shadow_style=\u00bbpreset2&#8243; locked=\u00bboff\u00bb global_colors_info=\u00bb{}\u00bb min_height=\u00bb258px\u00bb custom_padding=\u00bb||16px|||\u00bb][\/et_pb_button][\/et_pb_column][\/et_pb_row][et_pb_row column_structure=\u00bb1_2,1_2&#8243; _builder_version=\u00bb4.19.0&#8243; _module_preset=\u00bbdefault\u00bb global_colors_info=\u00bb{}\u00bb][et_pb_column type=\u00bb1_2&#8243; _builder_version=\u00bb4.19.0&#8243; _module_preset=\u00bbdefault\u00bb global_colors_info=\u00bb{}\u00bb][et_pb_image src=\u00bbhttps:\/\/www.capoptimist.com\/wp-content\/uploads\/2022\/11\/Cap-Optimist-Soiree-Partenaires__RIB4508_\u00a9RiBLANC.jpg\u00bb title_text=\u00bbCap Optimist\u00bb _builder_version=\u00bb4.19.0&#8243; _module_preset=\u00bbdefault\u00bb global_colors_info=\u00bb{}\u00bb][\/et_pb_image][\/et_pb_column][et_pb_column type=\u00bb1_2&#8243; _builder_version=\u00bb4.19.0&#8243; _module_preset=\u00bbdefault\u00bb global_colors_info=\u00bb{}\u00bb][et_pb_image src=\u00bbhttps:\/\/www.capoptimist.com\/wp-content\/uploads\/2022\/11\/DSC_6812.jpg\u00bb title_text=\u00bbDSC_6812&#8243; _builder_version=\u00bb4.19.0&#8243; _module_preset=\u00bbdefault\u00bb global_colors_info=\u00bb{}\u00bb][\/et_pb_image][\/et_pb_column][\/et_pb_row][et_pb_row _builder_version=\u00bb4.19.0&#8243; _module_preset=\u00bbdefault\u00bb custom_margin=\u00bb-95px|auto||auto||\u00bb][et_pb_column _builder_version=\u00bb4.19.0&#8243; _module_preset=\u00bbdefault\u00bb type=\u00bb4_4&#8243;][et_pb_image src=\u00bbhttps:\/\/www.capoptimist.com\/wp-content\/uploads\/2022\/11\/a239c474-f4df-49ac-9d01-c30c314f3252.jpg\u00bb _builder_version=\u00bb4.19.0&#8243; _module_preset=\u00bbdefault\u00bb title_text=\u00bba239c474-f4df-49ac-9d01-c30c314f3252&#8243; hover_enabled=\u00bb0&#8243; sticky_enabled=\u00bb0&#8243;][\/et_pb_image][\/et_pb_column][\/et_pb_row][et_pb_row _builder_version=\u00bb4.17.4&#8243; _module_preset=\u00bbdefault\u00bb custom_margin=\u00bb|auto|10px|auto||\u00bb custom_padding=\u00bb5px||0px|||\u00bb global_colors_info=\u00bb{}\u00bb][et_pb_column type=\u00bb4_4&#8243; _builder_version=\u00bb4.17.4&#8243; _module_preset=\u00bbdefault\u00bb global_colors_info=\u00bb{}\u00bb][et_pb_text _builder_version=\u00bb4.19.0&#8243; _module_preset=\u00bbdefault\u00bb custom_padding=\u00bb41px|||||\u00bb global_colors_info=\u00bb{}\u00bb]<\/p>\n<h3 style=\"text-align: center;\"><span><strong>Ay\u00fadanos a mantener vivo el programa Super Optimist<\/strong><\/span><\/h3>\n<h3 style=\"text-align: center;\"><span><strong>\u00a1Haga una donaci\u00f3n comprando los kil\u00f3metros de la expedici\u00f3n!<\/strong><\/span><\/h3>\n<h3 style=\"text-align: center;\"><span><strong>1 Km = 100 euros *<\/strong><\/span><\/h3>\n<h3 style=\"text-align: center;\"><span>\u00a1o donaciones gratuitas!<\/span><\/h3>\n<p>[\/et_pb_text][\/et_pb_column][\/et_pb_row][et_pb_row _builder_version=\u00bb4.19.0&#8243; _module_preset=\u00bbdefault\u00bb custom_padding=\u00bb||0px|||\u00bb global_colors_info=\u00bb{}\u00bb][et_pb_column type=\u00bb4_4&#8243; _builder_version=\u00bb4.19.0&#8243; _module_preset=\u00bbdefault\u00bb global_colors_info=\u00bb{}\u00bb][et_pb_button button_url=\u00bbhttps:\/\/drive.google.com\/drive\/folders\/12N7WzKiWz_qv8OnwnHSPnNlTv42_FREn\u00bb button_text=\u00bbDONATE\u00bb button_alignment=\u00bbcenter\u00bb _builder_version=\u00bb4.19.0&#8243; _module_preset=\u00bbdefault\u00bb custom_button=\u00bbon\u00bb button_text_size=\u00bb24px\u00bb button_text_color=\u00bb#ffffff\u00bb button_bg_color=\u00bb#ee417b\u00bb button_border_radius=\u00bb18px\u00bb custom_margin=\u00bb-20px||52px|||\u00bb custom_padding=\u00bb7px|||||\u00bb button_text_shadow_style=\u00bbpreset2&#8243; locked=\u00bboff\u00bb global_colors_info=\u00bb{}\u00bb][\/et_pb_button][\/et_pb_column][\/et_pb_row][et_pb_row column_structure=\u00bb1_4,1_4,1_4,1_4&#8243; _builder_version=\u00bb4.17.4&#8243; _module_preset=\u00bbdefault\u00bb custom_margin=\u00bb-8px|auto||auto||\u00bb global_colors_info=\u00bb{}\u00bb][et_pb_column type=\u00bb1_4&#8243; _builder_version=\u00bb4.17.4&#8243; _module_preset=\u00bbdefault\u00bb global_colors_info=\u00bb{}\u00bb][et_pb_image src=\u00bbhttps:\/\/www.capoptimist.com\/wp-content\/uploads\/2022\/08\/DSC_9173.jpg\u00bb title_text=\u00bbDSC_9173&#8243; _builder_version=\u00bb4.18.0&#8243; _module_preset=\u00bbdefault\u00bb global_colors_info=\u00bb{}\u00bb][\/et_pb_image][\/et_pb_column][et_pb_column type=\u00bb1_4&#8243; _builder_version=\u00bb4.18.0&#8243; _module_preset=\u00bbdefault\u00bb global_colors_info=\u00bb{}\u00bb][et_pb_image src=\u00bbhttps:\/\/www.capoptimist.com\/wp-content\/uploads\/2022\/06\/Copie-de-DSC_0113.jpg\u00bb title_text=\u00bbCopia de DSC_0113&#8243; _builder_version=\u00bb4.18.0&#8243; _module_preset=\u00bbdefault\u00bb global_colors_info=\u00bb{}\u00bb][\/et_pb_image][\/et_pb_column][et_pb_column type=\u00bb1_4&#8243; _builder_version=\u00bb4.18.0&#8243; _module_preset=\u00bbdefault\u00bb global_colors_info=\u00bb{}\u00bb][et_pb_image src=\u00bbhttps:\/\/www.capoptimist.com\/wp-content\/uploads\/2022\/07\/Copie-de-DSC_0662.jpg\u00bb title_text=\u00bbCopia de DSC_0662&#8243; _builder_version=\u00bb4.18.0&#8243; _module_preset=\u00bbdefault\u00bb global_colors_info=\u00bb{}\u00bb][\/et_pb_image][\/et_pb_column][et_pb_column type=\u00bb1_4&#8243; _builder_version=\u00bb4.18.0&#8243; _module_preset=\u00bbdefault\u00bb global_colors_info=\u00bb{}\u00bb][et_pb_image src=\u00bbhttps:\/\/www.capoptimist.com\/wp-content\/uploads\/2022\/06\/GOPR1748.jpg\u00bb title_text=\u00bbDCIM100GOPROGOPR1748.JPG\u00bb _builder_version=\u00bb4.18.0&#8243; _module_preset=\u00bbdefault\u00bb global_colors_info=\u00bb{}\u00bb][\/et_pb_image][\/et_pb_column][\/et_pb_row][et_pb_row _builder_version=\u00bb4.17.4&#8243; _module_preset=\u00bbdefault\u00bb custom_margin=\u00bb-46px|auto||auto||\u00bb custom_padding=\u00bb1px||0px|||\u00bb global_colors_info=\u00bb{}\u00bb][et_pb_column type=\u00bb4_4&#8243; _builder_version=\u00bb4.17.4&#8243; _module_preset=\u00bbdefault\u00bb global_colors_info=\u00bb{}\u00bb][et_pb_text _builder_version=\u00bb4.17.4&#8243; _module_preset=\u00bbdefault\u00bb text_font_size=\u00bb18px\u00bb custom_margin=\u00bb30px||30px||false|false\u00bb global_colors_info=\u00bb{}\u00bb]<\/p>\n<p style=\"text-align: justify;\"><span style=\"font-weight: 400;\">Por ejemplo: si doy <strong>100* euros<\/strong> mi donaci\u00f3n se divide de la siguiente manera  <\/span><\/p>\n<p style=\"text-align: justify;\"><span style=\"font-weight: 400;\">*60 <strong> \u20ac<\/strong> dedicados al programa Super Optimist (ni\u00f1os enfermos) y a programas educativos de prevenci\u00f3n del deporte y la salud en las escuelas + <strong>40 \u20ac<\/strong> dedicados a la expedici\u00f3n deportiva, m\u00e9dica y cient\u00edfica.<\/span><strong><\/strong><\/p>\n<p>[\/et_pb_text][\/et_pb_column][\/et_pb_row][\/et_pb_section]<\/p>\n","protected":false},"excerpt":{"rendered":"<p>\u00bfPodr\u00eda presentarse (trayectoria profesional, funciones, misiones dentro de Av\u00e8ne)? Soy Morgan GUERITAULT, Director de Marketing y Comunicaci\u00f3n de la marca Eau Thermale Avene France. Me incorpor\u00e9 al Grupo Pierre Fabre en febrero de 2008 para realizar unas pr\u00e1cticas, nunca me fui y tuve la oportunidad de realizar varias misiones en las diferentes marcas del Grupo: [&hellip;]<\/p>\n","protected":false},"author":2,"featured_media":246718,"comment_status":"open","ping_status":"open","sticky":false,"template":"","format":"standard","meta":{"_et_pb_use_builder":"on","_et_pb_old_content":"","_et_gb_content_width":"","_monsterinsights_skip_tracking":false,"_monsterinsights_sitenote_active":false,"_monsterinsights_sitenote_note":"","_monsterinsights_sitenote_category":0,"footnotes":""},"categories":[138,102],"tags":[],"class_list":["post-246871","post","type-post","status-publish","format-standard","has-post-thumbnail","hentry","category-cap-optimist-es","category-sin-categorizar"],"yoast_head":"<!-- This site is optimized with the Yoast SEO plugin v27.5 - https:\/\/yoast.com\/product\/yoast-seo-wordpress\/ -->\n<title>Conozca Eau Thermale Av\u00e8ne - CAP OPTIMIST<\/title>\n<meta name=\"robots\" content=\"index, follow, max-snippet:-1, max-image-preview:large, max-video-preview:-1\" \/>\n<link rel=\"canonical\" href=\"https:\/\/www.capoptimist.com\/es\/2022\/11\/28\/conozca-eau-thermale-avene\/\" \/>\n<meta property=\"og:locale\" content=\"es_ES\" \/>\n<meta property=\"og:type\" content=\"article\" \/>\n<meta property=\"og:title\" content=\"Conozca Eau Thermale Av\u00e8ne - CAP OPTIMIST\" \/>\n<meta property=\"og:description\" content=\"\u00bfPodr\u00eda presentarse (trayectoria profesional, funciones, misiones dentro de Av\u00e8ne)? Soy Morgan GUERITAULT, Director de Marketing y Comunicaci\u00f3n de la marca Eau Thermale Avene France. Me incorpor\u00e9 al Grupo Pierre Fabre en febrero de 2008 para realizar unas pr\u00e1cticas, nunca me fui y tuve la oportunidad de realizar varias misiones en las diferentes marcas del Grupo: [&hellip;]\" \/>\n<meta property=\"og:url\" content=\"https:\/\/www.capoptimist.com\/es\/2022\/11\/28\/conozca-eau-thermale-avene\/\" \/>\n<meta property=\"og:site_name\" content=\"CAP OPTIMIST\" \/>\n<meta property=\"article:published_time\" content=\"2022-11-28T10:05:27+00:00\" \/>\n<meta property=\"article:modified_time\" content=\"2023-01-13T09:19:00+00:00\" \/>\n<meta property=\"og:image\" content=\"https:\/\/www.capoptimist.com\/wp-content\/uploads\/2022\/11\/Copie-de-DSC_7534.jpg\" \/>\n\t<meta property=\"og:image:width\" content=\"1920\" \/>\n\t<meta property=\"og:image:height\" content=\"1281\" \/>\n\t<meta property=\"og:image:type\" content=\"image\/jpeg\" \/>\n<meta name=\"author\" content=\"Alexandra Le Mouel\" \/>\n<meta name=\"twitter:card\" content=\"summary_large_image\" \/>\n<meta name=\"twitter:label1\" content=\"Escrito por\" \/>\n\t<meta name=\"twitter:data1\" content=\"Alexandra Le Mouel\" \/>\n\t<meta name=\"twitter:label2\" content=\"Tiempo de lectura\" \/>\n\t<meta name=\"twitter:data2\" content=\"6 minutos\" \/>\n<script type=\"application\/ld+json\" class=\"yoast-schema-graph\">{\"@context\":\"https:\\\/\\\/schema.org\",\"@graph\":[{\"@type\":\"Article\",\"@id\":\"https:\\\/\\\/www.capoptimist.com\\\/es\\\/2022\\\/11\\\/28\\\/conozca-eau-thermale-avene\\\/#article\",\"isPartOf\":{\"@id\":\"https:\\\/\\\/www.capoptimist.com\\\/es\\\/2022\\\/11\\\/28\\\/conozca-eau-thermale-avene\\\/\"},\"author\":{\"name\":\"Alexandra Le Mouel\",\"@id\":\"https:\\\/\\\/www.capoptimist.com\\\/es\\\/#\\\/schema\\\/person\\\/9b1df9f41dede506c65f7933c44b8b23\"},\"headline\":\"Conozca Eau Thermale Av\u00e8ne\",\"datePublished\":\"2022-11-28T10:05:27+00:00\",\"dateModified\":\"2023-01-13T09:19:00+00:00\",\"mainEntityOfPage\":{\"@id\":\"https:\\\/\\\/www.capoptimist.com\\\/es\\\/2022\\\/11\\\/28\\\/conozca-eau-thermale-avene\\\/\"},\"wordCount\":1156,\"commentCount\":0,\"image\":{\"@id\":\"https:\\\/\\\/www.capoptimist.com\\\/es\\\/2022\\\/11\\\/28\\\/conozca-eau-thermale-avene\\\/#primaryimage\"},\"thumbnailUrl\":\"https:\\\/\\\/www.capoptimist.com\\\/wp-content\\\/uploads\\\/2022\\\/11\\\/Copie-de-DSC_7534.jpg\",\"articleSection\":[\"Cap Optimist\",\"Sin categorizar\"],\"inLanguage\":\"es\",\"potentialAction\":[{\"@type\":\"CommentAction\",\"name\":\"Comment\",\"target\":[\"https:\\\/\\\/www.capoptimist.com\\\/es\\\/2022\\\/11\\\/28\\\/conozca-eau-thermale-avene\\\/#respond\"]}]},{\"@type\":\"WebPage\",\"@id\":\"https:\\\/\\\/www.capoptimist.com\\\/es\\\/2022\\\/11\\\/28\\\/conozca-eau-thermale-avene\\\/\",\"url\":\"https:\\\/\\\/www.capoptimist.com\\\/es\\\/2022\\\/11\\\/28\\\/conozca-eau-thermale-avene\\\/\",\"name\":\"Conozca Eau Thermale Av\u00e8ne - CAP OPTIMIST\",\"isPartOf\":{\"@id\":\"https:\\\/\\\/www.capoptimist.com\\\/es\\\/#website\"},\"primaryImageOfPage\":{\"@id\":\"https:\\\/\\\/www.capoptimist.com\\\/es\\\/2022\\\/11\\\/28\\\/conozca-eau-thermale-avene\\\/#primaryimage\"},\"image\":{\"@id\":\"https:\\\/\\\/www.capoptimist.com\\\/es\\\/2022\\\/11\\\/28\\\/conozca-eau-thermale-avene\\\/#primaryimage\"},\"thumbnailUrl\":\"https:\\\/\\\/www.capoptimist.com\\\/wp-content\\\/uploads\\\/2022\\\/11\\\/Copie-de-DSC_7534.jpg\",\"datePublished\":\"2022-11-28T10:05:27+00:00\",\"dateModified\":\"2023-01-13T09:19:00+00:00\",\"author\":{\"@id\":\"https:\\\/\\\/www.capoptimist.com\\\/es\\\/#\\\/schema\\\/person\\\/9b1df9f41dede506c65f7933c44b8b23\"},\"breadcrumb\":{\"@id\":\"https:\\\/\\\/www.capoptimist.com\\\/es\\\/2022\\\/11\\\/28\\\/conozca-eau-thermale-avene\\\/#breadcrumb\"},\"inLanguage\":\"es\",\"potentialAction\":[{\"@type\":\"ReadAction\",\"target\":[\"https:\\\/\\\/www.capoptimist.com\\\/es\\\/2022\\\/11\\\/28\\\/conozca-eau-thermale-avene\\\/\"]}]},{\"@type\":\"ImageObject\",\"inLanguage\":\"es\",\"@id\":\"https:\\\/\\\/www.capoptimist.com\\\/es\\\/2022\\\/11\\\/28\\\/conozca-eau-thermale-avene\\\/#primaryimage\",\"url\":\"https:\\\/\\\/www.capoptimist.com\\\/wp-content\\\/uploads\\\/2022\\\/11\\\/Copie-de-DSC_7534.jpg\",\"contentUrl\":\"https:\\\/\\\/www.capoptimist.com\\\/wp-content\\\/uploads\\\/2022\\\/11\\\/Copie-de-DSC_7534.jpg\",\"width\":1920,\"height\":1281},{\"@type\":\"BreadcrumbList\",\"@id\":\"https:\\\/\\\/www.capoptimist.com\\\/es\\\/2022\\\/11\\\/28\\\/conozca-eau-thermale-avene\\\/#breadcrumb\",\"itemListElement\":[{\"@type\":\"ListItem\",\"position\":1,\"name\":\"Accueil\",\"item\":\"https:\\\/\\\/www.capoptimist.com\\\/es\\\/\"},{\"@type\":\"ListItem\",\"position\":2,\"name\":\"Conozca Eau Thermale Av\u00e8ne\"}]},{\"@type\":\"WebSite\",\"@id\":\"https:\\\/\\\/www.capoptimist.com\\\/es\\\/#website\",\"url\":\"https:\\\/\\\/www.capoptimist.com\\\/es\\\/\",\"name\":\"CAP OPTIMIST\",\"description\":\"Vivre son d\u00e9fi\",\"potentialAction\":[{\"@type\":\"SearchAction\",\"target\":{\"@type\":\"EntryPoint\",\"urlTemplate\":\"https:\\\/\\\/www.capoptimist.com\\\/es\\\/?s={search_term_string}\"},\"query-input\":{\"@type\":\"PropertyValueSpecification\",\"valueRequired\":true,\"valueName\":\"search_term_string\"}}],\"inLanguage\":\"es\"},{\"@type\":\"Person\",\"@id\":\"https:\\\/\\\/www.capoptimist.com\\\/es\\\/#\\\/schema\\\/person\\\/9b1df9f41dede506c65f7933c44b8b23\",\"name\":\"Alexandra Le Mouel\",\"image\":{\"@type\":\"ImageObject\",\"inLanguage\":\"es\",\"@id\":\"https:\\\/\\\/secure.gravatar.com\\\/avatar\\\/ea5c886f493db49bf8481b87f0cbf69367f53dabba30e757f083ba2c89dd8499?s=96&d=mm&r=g\",\"url\":\"https:\\\/\\\/secure.gravatar.com\\\/avatar\\\/ea5c886f493db49bf8481b87f0cbf69367f53dabba30e757f083ba2c89dd8499?s=96&d=mm&r=g\",\"contentUrl\":\"https:\\\/\\\/secure.gravatar.com\\\/avatar\\\/ea5c886f493db49bf8481b87f0cbf69367f53dabba30e757f083ba2c89dd8499?s=96&d=mm&r=g\",\"caption\":\"Alexandra Le Mouel\"},\"url\":\"https:\\\/\\\/www.capoptimist.com\\\/es\\\/author\\\/alexandra\\\/\"}]}<\/script>\n<!-- \/ Yoast SEO plugin. -->","yoast_head_json":{"title":"Conozca Eau Thermale Av\u00e8ne - CAP OPTIMIST","robots":{"index":"index","follow":"follow","max-snippet":"max-snippet:-1","max-image-preview":"max-image-preview:large","max-video-preview":"max-video-preview:-1"},"canonical":"https:\/\/www.capoptimist.com\/es\/2022\/11\/28\/conozca-eau-thermale-avene\/","og_locale":"es_ES","og_type":"article","og_title":"Conozca Eau Thermale Av\u00e8ne - CAP OPTIMIST","og_description":"\u00bfPodr\u00eda presentarse (trayectoria profesional, funciones, misiones dentro de Av\u00e8ne)? Soy Morgan GUERITAULT, Director de Marketing y Comunicaci\u00f3n de la marca Eau Thermale Avene France. Me incorpor\u00e9 al Grupo Pierre Fabre en febrero de 2008 para realizar unas pr\u00e1cticas, nunca me fui y tuve la oportunidad de realizar varias misiones en las diferentes marcas del Grupo: [&hellip;]","og_url":"https:\/\/www.capoptimist.com\/es\/2022\/11\/28\/conozca-eau-thermale-avene\/","og_site_name":"CAP OPTIMIST","article_published_time":"2022-11-28T10:05:27+00:00","article_modified_time":"2023-01-13T09:19:00+00:00","og_image":[{"width":1920,"height":1281,"url":"https:\/\/www.capoptimist.com\/wp-content\/uploads\/2022\/11\/Copie-de-DSC_7534.jpg","type":"image\/jpeg"}],"author":"Alexandra Le Mouel","twitter_card":"summary_large_image","twitter_misc":{"Escrito por":"Alexandra Le Mouel","Tiempo de lectura":"6 minutos"},"schema":{"@context":"https:\/\/schema.org","@graph":[{"@type":"Article","@id":"https:\/\/www.capoptimist.com\/es\/2022\/11\/28\/conozca-eau-thermale-avene\/#article","isPartOf":{"@id":"https:\/\/www.capoptimist.com\/es\/2022\/11\/28\/conozca-eau-thermale-avene\/"},"author":{"name":"Alexandra Le Mouel","@id":"https:\/\/www.capoptimist.com\/es\/#\/schema\/person\/9b1df9f41dede506c65f7933c44b8b23"},"headline":"Conozca Eau Thermale Av\u00e8ne","datePublished":"2022-11-28T10:05:27+00:00","dateModified":"2023-01-13T09:19:00+00:00","mainEntityOfPage":{"@id":"https:\/\/www.capoptimist.com\/es\/2022\/11\/28\/conozca-eau-thermale-avene\/"},"wordCount":1156,"commentCount":0,"image":{"@id":"https:\/\/www.capoptimist.com\/es\/2022\/11\/28\/conozca-eau-thermale-avene\/#primaryimage"},"thumbnailUrl":"https:\/\/www.capoptimist.com\/wp-content\/uploads\/2022\/11\/Copie-de-DSC_7534.jpg","articleSection":["Cap Optimist","Sin categorizar"],"inLanguage":"es","potentialAction":[{"@type":"CommentAction","name":"Comment","target":["https:\/\/www.capoptimist.com\/es\/2022\/11\/28\/conozca-eau-thermale-avene\/#respond"]}]},{"@type":"WebPage","@id":"https:\/\/www.capoptimist.com\/es\/2022\/11\/28\/conozca-eau-thermale-avene\/","url":"https:\/\/www.capoptimist.com\/es\/2022\/11\/28\/conozca-eau-thermale-avene\/","name":"Conozca Eau Thermale Av\u00e8ne - CAP OPTIMIST","isPartOf":{"@id":"https:\/\/www.capoptimist.com\/es\/#website"},"primaryImageOfPage":{"@id":"https:\/\/www.capoptimist.com\/es\/2022\/11\/28\/conozca-eau-thermale-avene\/#primaryimage"},"image":{"@id":"https:\/\/www.capoptimist.com\/es\/2022\/11\/28\/conozca-eau-thermale-avene\/#primaryimage"},"thumbnailUrl":"https:\/\/www.capoptimist.com\/wp-content\/uploads\/2022\/11\/Copie-de-DSC_7534.jpg","datePublished":"2022-11-28T10:05:27+00:00","dateModified":"2023-01-13T09:19:00+00:00","author":{"@id":"https:\/\/www.capoptimist.com\/es\/#\/schema\/person\/9b1df9f41dede506c65f7933c44b8b23"},"breadcrumb":{"@id":"https:\/\/www.capoptimist.com\/es\/2022\/11\/28\/conozca-eau-thermale-avene\/#breadcrumb"},"inLanguage":"es","potentialAction":[{"@type":"ReadAction","target":["https:\/\/www.capoptimist.com\/es\/2022\/11\/28\/conozca-eau-thermale-avene\/"]}]},{"@type":"ImageObject","inLanguage":"es","@id":"https:\/\/www.capoptimist.com\/es\/2022\/11\/28\/conozca-eau-thermale-avene\/#primaryimage","url":"https:\/\/www.capoptimist.com\/wp-content\/uploads\/2022\/11\/Copie-de-DSC_7534.jpg","contentUrl":"https:\/\/www.capoptimist.com\/wp-content\/uploads\/2022\/11\/Copie-de-DSC_7534.jpg","width":1920,"height":1281},{"@type":"BreadcrumbList","@id":"https:\/\/www.capoptimist.com\/es\/2022\/11\/28\/conozca-eau-thermale-avene\/#breadcrumb","itemListElement":[{"@type":"ListItem","position":1,"name":"Accueil","item":"https:\/\/www.capoptimist.com\/es\/"},{"@type":"ListItem","position":2,"name":"Conozca Eau Thermale Av\u00e8ne"}]},{"@type":"WebSite","@id":"https:\/\/www.capoptimist.com\/es\/#website","url":"https:\/\/www.capoptimist.com\/es\/","name":"CAP OPTIMIST","description":"Vivre son d\u00e9fi","potentialAction":[{"@type":"SearchAction","target":{"@type":"EntryPoint","urlTemplate":"https:\/\/www.capoptimist.com\/es\/?s={search_term_string}"},"query-input":{"@type":"PropertyValueSpecification","valueRequired":true,"valueName":"search_term_string"}}],"inLanguage":"es"},{"@type":"Person","@id":"https:\/\/www.capoptimist.com\/es\/#\/schema\/person\/9b1df9f41dede506c65f7933c44b8b23","name":"Alexandra Le Mouel","image":{"@type":"ImageObject","inLanguage":"es","@id":"https:\/\/secure.gravatar.com\/avatar\/ea5c886f493db49bf8481b87f0cbf69367f53dabba30e757f083ba2c89dd8499?s=96&d=mm&r=g","url":"https:\/\/secure.gravatar.com\/avatar\/ea5c886f493db49bf8481b87f0cbf69367f53dabba30e757f083ba2c89dd8499?s=96&d=mm&r=g","contentUrl":"https:\/\/secure.gravatar.com\/avatar\/ea5c886f493db49bf8481b87f0cbf69367f53dabba30e757f083ba2c89dd8499?s=96&d=mm&r=g","caption":"Alexandra Le Mouel"},"url":"https:\/\/www.capoptimist.com\/es\/author\/alexandra\/"}]}},"_links":{"self":[{"href":"https:\/\/www.capoptimist.com\/es\/wp-json\/wp\/v2\/posts\/246871","targetHints":{"allow":["GET"]}}],"collection":[{"href":"https:\/\/www.capoptimist.com\/es\/wp-json\/wp\/v2\/posts"}],"about":[{"href":"https:\/\/www.capoptimist.com\/es\/wp-json\/wp\/v2\/types\/post"}],"author":[{"embeddable":true,"href":"https:\/\/www.capoptimist.com\/es\/wp-json\/wp\/v2\/users\/2"}],"replies":[{"embeddable":true,"href":"https:\/\/www.capoptimist.com\/es\/wp-json\/wp\/v2\/comments?post=246871"}],"version-history":[{"count":0,"href":"https:\/\/www.capoptimist.com\/es\/wp-json\/wp\/v2\/posts\/246871\/revisions"}],"wp:featuredmedia":[{"embeddable":true,"href":"https:\/\/www.capoptimist.com\/es\/wp-json\/wp\/v2\/media\/246718"}],"wp:attachment":[{"href":"https:\/\/www.capoptimist.com\/es\/wp-json\/wp\/v2\/media?parent=246871"}],"wp:term":[{"taxonomy":"category","embeddable":true,"href":"https:\/\/www.capoptimist.com\/es\/wp-json\/wp\/v2\/categories?post=246871"},{"taxonomy":"post_tag","embeddable":true,"href":"https:\/\/www.capoptimist.com\/es\/wp-json\/wp\/v2\/tags?post=246871"}],"curies":[{"name":"wp","href":"https:\/\/api.w.org\/{rel}","templated":true}]}}